{"id":580,"date":"2017-05-18T14:15:16","date_gmt":"2017-05-18T12:15:16","guid":{"rendered":"http:\/\/www.nyheder.rytmekor.dk\/?p=580"},"modified":"2017-05-18T14:15:16","modified_gmt":"2017-05-18T12:15:16","slug":"aflysning-i-aften-desvaerre","status":"publish","type":"post","link":"https:\/\/www.nyheder.rytmekor.dk\/?p=580","title":{"rendered":"Aflysning i aften &#8211; desv\u00e6rre&#8230;"},"content":{"rendered":"<p>K\u00e6re allesammen<\/p>\n<p>Jeg er desv\u00e6rre hjemme p\u00e5 2. dag med ondt i maven og diarr\u00e9. Skal man se p\u00e5 den lyse side af sagen, s\u00e5 er det godt, at det er s\u00e5 godt vejr, s\u00e5 jeg\u00a0kan f\u00e5 luftet effektivt ud. \ud83d\ude09 Skal man se p\u00e5 den negative, s\u00e5 m\u00e5 jeg desv\u00e6rre blive hjemme i aften, og dermed er der ingen korpr\u00f8ve.<\/p>\n<p>Som erstatning tilbyder vi \u00f8vning onsdag d. 31\/5 i Tj\u00e6reby Kirke, alts\u00e5 dagen inden vi skal synge for J\u00f8rgen. Jeg h\u00e5ber, at s\u00e5 mange som muligt af jer kan komme.<\/p>\n<p>Hav en god dag og aften, trods alt.<\/p>\n<p>Kh Lars<\/p>\n","protected":false},"excerpt":{"rendered":"<p>K\u00e6re allesammen Jeg er desv\u00e6rre hjemme p\u00e5 2. dag med ondt i maven og diarr\u00e9. Skal man se p\u00e5 den lyse side af sagen, s\u00e5 er det godt, at det er s\u00e5 godt vejr, s\u00e5 jeg\u00a0kan f\u00e5 luftet effektivt ud. &hellip; <a href=\"https:\/\/www.nyheder.rytmekor.dk\/?p=580\">L\u00e6s resten <span class=\"meta-nav\">&rarr;<\/span><\/a><\/p>\n","protected":false},"author":1,"featured_media":0,"comment_status":"closed","ping_status":"closed","sticky":false,"template":"","format":"standard","meta":{"footnotes":""},"categories":[4],"tags":[],"class_list":["post-580","post","type-post","status-publish","format-standard","hentry","category-fra-dirigenten"],"_links":{"self":[{"href":"https:\/\/www.nyheder.rytmekor.dk\/index.php?rest_route=\/wp\/v2\/posts\/580","targetHints":{"allow":["GET"]}}],"collection":[{"href":"https:\/\/www.nyheder.rytmekor.dk\/index.php?rest_route=\/wp\/v2\/posts"}],"about":[{"href":"https:\/\/www.nyheder.rytmekor.dk\/index.php?rest_route=\/wp\/v2\/types\/post"}],"author":[{"embeddable":true,"href":"https:\/\/www.nyheder.rytmekor.dk\/index.php?rest_route=\/wp\/v2\/users\/1"}],"replies":[{"embeddable":true,"href":"https:\/\/www.nyheder.rytmekor.dk\/index.php?rest_route=%2Fwp%2Fv2%2Fcomments&post=580"}],"version-history":[{"count":1,"href":"https:\/\/www.nyheder.rytmekor.dk\/index.php?rest_route=\/wp\/v2\/posts\/580\/revisions"}],"predecessor-version":[{"id":581,"href":"https:\/\/www.nyheder.rytmekor.dk\/index.php?rest_route=\/wp\/v2\/posts\/580\/revisions\/581"}],"wp:attachment":[{"href":"https:\/\/www.nyheder.rytmekor.dk\/index.php?rest_route=%2Fwp%2Fv2%2Fmedia&parent=580"}],"wp:term":[{"taxonomy":"category","embeddable":true,"href":"https:\/\/www.nyheder.rytmekor.dk\/index.php?rest_route=%2Fwp%2Fv2%2Fcategories&post=580"},{"taxonomy":"post_tag","embeddable":true,"href":"https:\/\/www.nyheder.rytmekor.dk\/index.php?rest_route=%2Fwp%2Fv2%2Ftags&post=580"}],"curies":[{"name":"wp","href":"https:\/\/api.w.org\/{rel}","templated":true}]}}